{"id":1993,"date":"2017-05-03T18:06:14","date_gmt":"2017-05-03T18:06:14","guid":{"rendered":"https:\/\/blog.nicolasderauglaudre.net\/?p=1993"},"modified":"2023-10-12T10:09:51","modified_gmt":"2023-10-12T10:09:51","slug":"chemin-pyreneen-piemontais-01","status":"publish","type":"post","link":"https:\/\/blog.nicolasderauglaudre.net\/?p=1993","title":{"rendered":"Chemin Pyr\u00e9n\u00e9en pi\u00e9montais (1) &#8211; Mirepoix, Pamiers&#8230;"},"content":{"rendered":"<p align=\"CENTER\"><em><a href=\"https:\/\/blog.nicolasderauglaudre.net\/?page_id=1838184\"><span style=\"color: #008080;\"><span style=\"font-family: arial;\"><span style=\"font-size: small;\">Retour page Compostelle <\/span><\/span><\/span><\/a><\/em><\/p>\n<p align=\"RIGHT\"><span style=\"color: #800000;\"><span style=\"font-family: arial;\"><span style=\"font-size: small;\"><strong>Chemin Pi\u00e9montais (1)<\/strong> <\/span><\/span><\/span><br \/>\n<em><a href=\"https:\/\/blog.nicolasderauglaudre.net\/?p=2035\"><span style=\"color: #008080;\"><span style=\"font-family: arial;\"><span style=\"font-size: small;\">Chemin Pi\u00e9montais (2) <\/span><\/span><\/span><\/a><br \/>\n<em><a href=\"https:\/\/blog.nicolasderauglaudre.net\/?p=2113\"><span style=\"color: #008080;\"><span style=\"font-family: arial;\"><span style=\"font-size: small;\">Chemin Pi\u00e9montais (3) <\/span><\/span><\/span><\/a><\/em><br \/>\n<em><a href=\"https:\/\/blog.nicolasderauglaudre.net\/?p=2214\"><span style=\"color: #008080;\"><span style=\"font-family: arial;\"><span style=\"font-size: small;\">Chemin Pi\u00e9montais (4) <\/span><\/span><\/span><\/a><\/em><br \/>\n<em><a href=\"https:\/\/blog.nicolasderauglaudre.net\/?p=2366\"><span style=\"color: #008080;\"><span style=\"font-family: arial;\"><span style=\"font-size: small;\">Chemin Pi\u00e9montais (5) <\/span><\/span><\/span><\/a><\/em><\/em><br \/>\n<em><a href=\"https:\/\/blog.nicolasderauglaudre.net\/?p=2489\"><span style=\"color: #008080;\"><span style=\"font-family: arial;\"><span style=\"font-size: small;\">Chemin Pi\u00e9montais (6) <\/span><\/span><\/span><\/a><\/em><\/p>\n<h6 class=\"western\" align=\"RIGHT\"><span style=\"color: #008080;\"><span style=\"font-family: arial;\">Avril 2017, Portet d&rsquo;Aspet<br \/>\n<\/span><\/span><\/h6>\n<p align=\"left\"><span style=\"color: #000080; font-size: 10pt;\"><span style=\"font-family: trebuchet ms,geneva,sans-serif;\">C&rsquo;est curieux, j&rsquo;\u00e9prouve moins le d\u00e9sir d&rsquo;\u00e9crire sur l&rsquo;exp\u00e9rience v\u00e9cue sur le Camino, comme lors des fois pr\u00e9c\u00e9dentes. L&rsquo;an pass\u00e9, j&rsquo;ai march\u00e9 sur le Chemin d&rsquo;Arles et ai beaucoup \u00e9crit de r\u00e9flexions et d&rsquo;observations -les articles du blog les reprennent-, puis quatre jours sur ce Chemin Pi\u00e9montais en famille&#8230; pendant lesquels je n&rsquo;ai en revanche pas not\u00e9 grand chose. Et voil\u00e0, c&rsquo;est reparti.<br \/>\n<\/span><\/span><\/p>\n<p align=\"left\"><span style=\"color: #000080; font-size: 10pt;\"><span style=\"font-family: trebuchet ms,geneva,sans-serif;\">D\u00e9j\u00e0 huit jours de marche pourtant. L&rsquo;\u00e9tat d&rsquo;esprit y est : paix tranquille, \u00e9quilibre serein entre raison, m\u00e9ditation, sensations et \u00e9motions. Aucune inqui\u00e9tude. Il n&rsquo;y a rien \u00e0 prouver. Les rencontres sur le Chemin Pi\u00e9montais, ce chemin m\u00e9connu qui longe les Pyr\u00e9n\u00e9es, sont rares. Ces premiers jours, les interlocuteurs sont les h\u00e9bergeurs. Je ne croise aucun marcheur dans la journ\u00e9e. Le premier, ou plut\u00f4t la premi\u00e8re que j&rsquo;ai rencontr\u00e9e \u00e0 l&rsquo;h\u00e9bergement du Mas d&rsquo;Azil, est une jeune fille, de 25 ans environ. Appelons-la Myriam. Elle est en train de r\u00e9diger une th\u00e8se de doctorat en g\u00e9ographie sur l&rsquo;habitat et le quotidien des \u00e9leveurs dans trois lieux diff\u00e9rents de France :\u00a0 un vrai travail d&rsquo;\u00e9thnologie. Elle est partie de B\u00e9ziers. Puis c&rsquo;est un couple, dont l&rsquo;homme, appelons-le Jean-Claude, est chef d&rsquo;une entreprise de panneaux solaires photovolta\u00efques et qui en est \u00e0 son second jour de marche. Sa compagne, Claire, a d\u00e9j\u00e0 parcouru le Camino et est toute attentionn\u00e9e \u00e0 son homme. Elle s&rsquo;amuse des d\u00e9couvertes qu&rsquo;il constate, comme tous les marcheurs exp\u00e9riment\u00e9s et, j&rsquo;esp\u00e8re, jamais blas\u00e9s que nous sommes. \u00c0 Saint-Lizier, puis Castillon, c&rsquo;est Jeannette, de Foix. Elle est institutrice, se revendique ath\u00e9e, semble assez seule dans la vie.<\/span><\/span><\/p>\n<div id=\"attachment_2002\" style=\"width: 310px\" class=\"wp-caption alignright\"><img loading=\"lazy\" decoding=\"async\" aria-describedby=\"caption-attachment-2002\" class=\"wp-image-2002 size-medium\" src=\"https:\/\/blog.nicolasderauglaudre.net\/wp-content\/uploads\/2017\/05\/2016-05-30-Mirepoix-300x169.jpg\" alt=\"\" width=\"300\" height=\"169\" srcset=\"https:\/\/blog.nicolasderauglaudre.net\/wp-content\/uploads\/2017\/05\/2016-05-30-Mirepoix-300x169.jpg 300w, https:\/\/blog.nicolasderauglaudre.net\/wp-content\/uploads\/2017\/05\/2016-05-30-Mirepoix-768x432.jpg 768w, https:\/\/blog.nicolasderauglaudre.net\/wp-content\/uploads\/2017\/05\/2016-05-30-Mirepoix.jpg 1000w\" sizes=\"auto, (max-width: 300px) 100vw, 300px\" \/><p id=\"caption-attachment-2002\" class=\"wp-caption-text\"><span style=\"font-size: 8pt;\"><em><span style=\"font-family: arial,helvetica,sans-serif;\">Mirepoix<\/span><\/em><\/span><\/p><\/div>\n<p align=\"left\"><span style=\"color: #000080; font-size: 10pt;\"><span style=\"font-family: trebuchet ms,geneva,sans-serif;\">Sur l&rsquo;autre face, voici les h\u00e9bergeurs. Aux seigneurs, tous honneurs, ce sont les h\u00f4tes de Mirepoix. L\u00e0, je garde les pr\u00e9noms, puisque tout le monde les retrouvera sur les guides. Elle, Marie, est venue me chercher \u00e0 Carcassonne apr\u00e8s une attente de trois heures due \u00e0 un voyage \u00e9pique avec la SNCF. Bon, je ne raconte pas, c&rsquo;est \u00e0 mourir de rire et il semblerait qu&rsquo;\u00e0 chaque fois que je voyage avec la SNCF, il se produit des incidents\u00a0: l\u00e0, en l&rsquo;occurrence, il s&rsquo;agit de travaux sur la voie, puis de voie bloqu\u00e9e \u00e0 cause d&rsquo;une b\u00e2che qui s&rsquo;est prise dans les catenaires, puis d&rsquo;une pagaille et de contradictions dans la communication, puis de transport hom\u00e9rique dans des cars affr\u00e9t\u00e9s, dont les conducteurs ne savaient m\u00eame pas o\u00f9 il fallait aller\u00a0! \u00ab Comme chez nous\u00a0\u00bb, racontait en s&rsquo;amusant un indien assis sur le si\u00e8ge derri\u00e8re moi. Les voyageurs sont pass\u00e9s successivement de la surprise, puis de l&rsquo;inqui\u00e9tude, de la col\u00e8re, \u00e0 la parole et aux rires, tant la situation devenait de plus en plus absurde. Bref, notre soci\u00e9t\u00e9 nationale des chemins de fer part \u00e0 la d\u00e9rive&#8230; Mais personne ne s&rsquo;en \u00e9tonnera.<\/span><\/span><\/p>\n<p align=\"left\"><span style=\"color: #000080; font-size: 10pt;\"><span style=\"font-family: trebuchet ms,geneva,sans-serif;\">Revenons au Camino. Marie, mon h\u00f4tesse de Mirepoix, a organis\u00e9 une conf\u00e9rence \u00e0 Varilhes, pr\u00e8s de Pamiers, pour que je puisse raconter mon aventure de marcheur handicap\u00e9. Une trentaine de personnes sont venues, j&rsquo;ai vendu quelques livres. Elle, son mari, Jean, d&rsquo;origine rwandaise, moi-m\u00eame et quelques autres personnes pr\u00e9sentes, nous avons eu de longs partages passionnants et tous simples, comme si nous \u00e9tions des amis de toujours. Le Chemin de Compostelle cr\u00e9e des liens qui sont difficiles \u00e0 expliquer \u00e0 des personnes qui ne l&rsquo;ont pas v\u00e9cu.<\/span><\/span><\/p>\n<p style=\"text-align: center;\" align=\"left\"><span style=\"color: #000080; font-size: 10pt;\"><span style=\"font-family: trebuchet ms,geneva,sans-serif;\">*<br \/>\n<\/span><\/span><\/p>\n<p align=\"left\"><span style=\"color: #000080; font-size: 10pt;\"><span style=\"font-family: trebuchet ms,geneva,sans-serif;\">Le samedi, le 8 Avril donc, je pars sous le Soleil, avec un sac \u00e0 dos assez lourd, en direction du petit village de Vals. Le sac est lourd parce qu&rsquo;il porte, en plus de l&rsquo;\u00e9quipement habituel et des accessoires de la proth\u00e8se, une tente et un matelas. Les h\u00e9bergements semblent rares et espac\u00e9s sur ce chemin. Retrouvailles avec les insectes bourdonnants, les papillons virevoltants, les vaches dans les prairies \u00e0 flan de coteau. Les paysages <img loading=\"lazy\" decoding=\"async\" class=\"alignleft size-medium wp-image-2003\" src=\"https:\/\/blog.nicolasderauglaudre.net\/wp-content\/uploads\/2017\/05\/2017-04-Manses-300x225.jpg\" alt=\"\u00c9glise de Manses\" width=\"300\" height=\"225\" srcset=\"https:\/\/blog.nicolasderauglaudre.net\/wp-content\/uploads\/2017\/05\/2017-04-Manses-300x225.jpg 300w, https:\/\/blog.nicolasderauglaudre.net\/wp-content\/uploads\/2017\/05\/2017-04-Manses-768x576.jpg 768w, https:\/\/blog.nicolasderauglaudre.net\/wp-content\/uploads\/2017\/05\/2017-04-Manses.jpg 1000w\" sizes=\"auto, (max-width: 300px) 100vw, 300px\" \/>travers\u00e9s sont splendides, frissonnants des premiers \u00e9mois du printemps, vallonn\u00e9s, \u00e9gay\u00e9s par la pr\u00e9sence de petits villages, domin\u00e9s par des \u00e9glises, v\u00e9ritables monuments. Elles semblent disproportionn\u00e9es par rapport \u00e0 l&rsquo;ensemble des habitations qui l&rsquo;entourent. Je me permets une premi\u00e8re pause pr\u00e8s de l&rsquo;une d&rsquo;entre elles, \u00e0 Manses.<br \/>\n<\/span><\/span><\/p>\n<p align=\"left\"><span style=\"color: #000080; font-size: 10pt;\"><span style=\"font-family: trebuchet ms,geneva,sans-serif;\">Je marche seul. J&rsquo;aime la solitude. J&rsquo;ai toujours aim\u00e9 la solitude. Pour des raisons pas tr\u00e8s avouables, sans doute, quand j&rsquo;\u00e9tais plus jeune : peur des autres, tendance autiste, difficult\u00e9 de partager les blessures encaiss\u00e9es dans la vie, notamment suite \u00e0 la maladie et le handicap. Pour des raisons plus existentielles aujourd&rsquo;hui : bonheur de se sentir exister, \u00e9tonnement devant la vie, les autres, face au monde en mouvement, \u00e0 travers quelques convictions de plus en plus enracin\u00e9es. Aucune ranc\u0153ur, peu de sp\u00e9culation intellectuelle ou morale, m\u00eame si je suis encore impr\u00e9gn\u00e9 des nouvelles du Monde, notamment de l&rsquo;approche des \u00c9lections Pr\u00e9sidentielles en France. Comme je chemine avec un smartphone, je suis \u00e0 l&rsquo;aff\u00fbt des d\u00e9bats sur Facebook, des courriels, des SMS&#8230; et des photos et vid\u00e9os possibles \u00e0 publier en ligne. Pourquoi pas ? La m\u00e9ditation et la pri\u00e8re restent mes activit\u00e9s premi\u00e8res, elles me ram\u00e8nent au sol et au pr\u00e9sent. Peut-\u00eatre suis-je plus d\u00e9tach\u00e9 que lors des marches pr\u00e9c\u00e9dentes ? Il est certain que d\u00e8s les premiers pas, au d\u00e9part de Mirepoix, je n&rsquo;\u00e9prouve aucune appr\u00e9hension.<\/span><\/span><\/p>\n<p align=\"left\"><span style=\"color: #000080; font-size: 10pt;\"><span style=\"font-family: trebuchet ms,geneva,sans-serif;\"><img loading=\"lazy\" decoding=\"async\" class=\"alignright size-medium wp-image-2005\" src=\"https:\/\/blog.nicolasderauglaudre.net\/wp-content\/uploads\/2017\/05\/2017-04-08-merovingiens-300x225.jpg\" alt=\"\" width=\"300\" height=\"225\" srcset=\"https:\/\/blog.nicolasderauglaudre.net\/wp-content\/uploads\/2017\/05\/2017-04-08-merovingiens-300x225.jpg 300w, https:\/\/blog.nicolasderauglaudre.net\/wp-content\/uploads\/2017\/05\/2017-04-08-merovingiens-768x576.jpg 768w, https:\/\/blog.nicolasderauglaudre.net\/wp-content\/uploads\/2017\/05\/2017-04-08-merovingiens.jpg 1000w\" sizes=\"auto, (max-width: 300px) 100vw, 300px\" \/>Sur le sentier qui monte dans les collines, je m&rsquo;autorise un petit d\u00e9tour vers un cimeti\u00e8re m\u00e9rovingien non loin du village de Teilhet. Un cimeti\u00e8re rappelle notre condition mortelle, ce qui m&rsquo;angoisse de moins en moins, dois-je l&rsquo;avouer, et l&rsquo;oubli que nous laissons dans la m\u00e9moire des hommes. Cette m\u00e9moire du monde est un des principaux th\u00e8mes de ma m\u00e9ditation. Que laisse-t-on, que laissent ces m\u00e9rovingiens dans l&rsquo;Histoire, la grande avec un grand H, et dans celle de nos familles, de nos amis, de nos communaut\u00e9s locales\u00a0? Pas grand chose, voire rien du tout, m\u00eame si l&rsquo;apparition d&rsquo;internet semble faire advenir quelque illusion. Que sera internet dans mille ans ? En revanche, une de mes plus belles d\u00e9couvertes de ces derni\u00e8res ann\u00e9es est celle, double, de la Pr\u00e9sence de quelque-chose de durable qui ne se r\u00e9duit pas \u00e0 la fuite instantan\u00e9e du temps, qui accompagne l&rsquo;esprit, le corps, les sens, le c\u0153ur. Et la pr\u00e9sence de ce qu&rsquo;apporte le r\u00e9cit de cet accompagnement. La conscience humaine, et sans doute celle d&rsquo;animaux \u00e9volu\u00e9s et peut-\u00eatre d&rsquo;autres \u00eatres conscients dans l&rsquo;univers, poss\u00e8de cette capacit\u00e9 de relecture du temps et des \u00e9v\u00e9nements. Un monde est l\u00e0, consistant, et en d\u00e9pit de tous les bavardages qui voudraient qu&rsquo;il ne soit qu&rsquo;un produit de nos subjectivit\u00e9s et de nos inter-subjectivit\u00e9s, rien ne peut convaincre de son inexistence ou de son illusion. Les spiritualit\u00e9s de fuite me sont devenues \u00e9trang\u00e8res. J&rsquo;aime ce monde, qu&rsquo;il soit actuel ou revisit\u00e9 par la m\u00e9moire, pas un\u00a0\u00ab\u00a0autre monde\u00a0\u00bb qui se pr\u00e9tendrait plus vrai que celui-l\u00e0. J&rsquo;ai lu de longues pages de la Process Philosophy avant de partir, preuve du reste que je ne me suis pas coup\u00e9 de la philosophie, contrairement \u00e0 ce qui semblait se dessiner apr\u00e8s le Camino en Espagne. Aujourd&rsquo;hui, j&rsquo;approfondis tranquillement ce qui me rend plus moi-m\u00eame&#8230; sans m&rsquo;attarder \u00e0 vouloir embrasser l&rsquo;ensemble de la pens\u00e9e. Bref, la Process Philosophy, qui est un des piliers de ma perspective, a la volont\u00e9 de rendre coh\u00e9rente cette existence&#8230; face \u00e0 tant de pens\u00e9es actuelles plut\u00f4t ax\u00e9es sur l&rsquo;incoh\u00e9rence et la d\u00e9construction.<\/span><\/span><\/p>\n<p align=\"left\"><span style=\"color: #000080; font-size: 10pt;\"><span style=\"font-family: trebuchet ms,geneva,sans-serif;\">Ma petite th\u00e8se personnelle sur cette tendance est que les philosophes et intellectuels contemporains de la d\u00e9construction ont du mal \u00e0 se remettre de l&rsquo;intrusion de l&rsquo;al\u00e9atoire, du hasard, de l&rsquo;impr\u00e9visible dans les sciences&#8230; ont du mal \u00e0 int\u00e9grer l&rsquo;irr\u00e9ductible existence du temps et de la dur\u00e9e dans la vie, dans l&rsquo;histoire du vivant. La remarque est sym\u00e9trique \u00e0 l&rsquo;\u00e9gard des spiritualit\u00e9s qui pr\u00e9tendent conna\u00eetre le dessein divin ou je ne sais quelle \u00e9volution des valeurs humaines. \u00ab\u00a0L&rsquo;\u00e9v\u00e9nement\u00a0\u00bb, concept-cl\u00e9 de la Process Philosophy, est premier par rapport aux \u00e9l\u00e9ments fondamentaux de la mati\u00e8re ou aux atomes de sens de l&rsquo;esprit et toutes leurs d\u00e9terminations ou toutes leurs substantification. Il ouvre une v\u00e9ritable cr\u00e9ativit\u00e9. Nombre de penseurs sont h\u00e9ritiers de la philosophie des Lumi\u00e8res qui a esp\u00e9r\u00e9 en la Raison qu&rsquo;elle a plac\u00e9e au centre de perspective et qu&rsquo;elle a inscrite dans des paradigmes m\u00e9canistes, post Newton et post Kant ; elle a cru dans le temps lin\u00e9aire de l&rsquo;Histoire (celle de nos lib\u00e9rations et de nos combats) qu&rsquo;elle a voulu spatialiser et rationaliser. Or la Process Philosophy prend le contrepied et, \u00e0 mon sens, se pose en philosophie alternative post-moderne. Le hasard et l&rsquo;impr\u00e9visible, et donc l&rsquo;incertain et l&rsquo;excentrique, sont des cat\u00e9gories fondamentales de son expos\u00e9 syst\u00e9matique. M\u00eame Dieu ! (dans la forme th\u00e9ologique de cette philosophie). Bon, je reviendrais sans doute sur ces th\u00e8mes, puisqu&rsquo;ils ont fait l&rsquo;objet de mes discussions avec le pasteur Bernard Bordes, au Mas d&rsquo;Azil. La n\u00e9cropole des m\u00e9rovingiens d\u00e9montre que l&rsquo;attente des hommes d\u00e9passe largement ce que l&rsquo;histoire factuelle semble en laisser. Illusion ? Et pourquoi donc ? Ce n&rsquo;est qu&rsquo;une question de perspective. Seulement, il est s\u00fbr que nombre de pr\u00e9suppos\u00e9s et de de pr\u00e9jug\u00e9s inscrits dans nos mentalit\u00e9s, la mienne comprise, ont besoin d&rsquo;\u00eatre r\u00e9vis\u00e9s.<\/span><\/span><\/p>\n<p align=\"left\"><span style=\"color: #000080; font-size: 10pt;\"><span style=\"font-family: trebuchet ms,geneva,sans-serif;\">Je m&rsquo;approche de Vals par une petite route goudronn\u00e9e qui part, sinueuse, de Teilhet. Une voiture me croise, s&rsquo;arr\u00eate, fait demi-tour et revient vers moi. Quatre passagers. Que veut-on, m&rsquo;interroge-je. La vitre s&rsquo;ouvre et on me parle en espagnol&#8230; \u2039 c&rsquo;est bien vous ? Nous vous avons vu \u00e0 Sarria, il y a deux ans, en 2015 !\u00a0\u00bb. Mais oui, pourquoi pas. Cela correspond. Un des visages f\u00e9minins me rappelle quelqu&rsquo;un. D\u00e9cid\u00e9ment, je ne suis pas pass\u00e9 inaper\u00e7u, avec ma jambe de ferraille, de mousse et toute color\u00e9e. Que font-ils ici, ces espagnols&#8230; sans doute explorent-ils le Camino Pi\u00e9montais pour une association ou un groupe de p\u00e8lerins ? Nous nous saluons, tr\u00e8s \u00e9tonn\u00e9s, et chacun repart dans sa direction. J&rsquo;arrive \u00e0 Vals. Une belle jeune femme n\u00e9erlandaise, Lisa, son mari et leur petite fille m&rsquo;accueillent dans le \u00ab Caf\u00e9-Vals\u00a0\u00bb. L&rsquo;ambiance est tr\u00e8s familiale. Le petit dortoir, o\u00f9 je suis seul, est tr\u00e8s astucieusement am\u00e9nag\u00e9. Chaque couchette est abrit\u00e9e derri\u00e8re des rideaux et poss\u00e8de sa petite lumi\u00e8re. On pourrait se croire dans une tente, en pleine nature.<\/span><\/span><\/p>\n<p align=\"left\"><span style=\"color: #000080; font-size: 10pt;\"><span style=\"font-family: trebuchet ms,geneva,sans-serif;\"><img loading=\"lazy\" decoding=\"async\" class=\"alignleft size-medium wp-image-2004\" src=\"https:\/\/blog.nicolasderauglaudre.net\/wp-content\/uploads\/2017\/05\/2017-04-08-Vals-300x225.jpg\" alt=\"\" width=\"300\" height=\"225\" srcset=\"https:\/\/blog.nicolasderauglaudre.net\/wp-content\/uploads\/2017\/05\/2017-04-08-Vals-300x225.jpg 300w, https:\/\/blog.nicolasderauglaudre.net\/wp-content\/uploads\/2017\/05\/2017-04-08-Vals-768x576.jpg 768w, https:\/\/blog.nicolasderauglaudre.net\/wp-content\/uploads\/2017\/05\/2017-04-08-Vals.jpg 1000w\" sizes=\"auto, (max-width: 300px) 100vw, 300px\" \/>Il est t\u00f4t dans l&rsquo;apr\u00e8s-midi. Je prends un long moment \u00e0 visiter l&rsquo;exceptionnelle \u00e9glise de Vals. B\u00e2tie sur un roc, on y acc\u00e8de par une fissure dans la pierre comme si on p\u00e9n\u00e9trait dans une grotte. \u00c9rig\u00e9e sur trois niveaux, elle donne l&rsquo;impression de monter du plus profond de la terre vers la lumi\u00e8re. La crypte ressemble \u00e0 une grotte, un peu comme lorsqu&rsquo;on remonte d&rsquo;un de ses gouffres ou avens touristiques. Les guides indiquent qu&rsquo;il s&rsquo;agit d&rsquo;une \u00e9glise dont l&rsquo;origine, et donc la base, est plus ancienne que les premi\u00e8res \u00e9glises romanes. Depuis le sommet, on peut sortir dehors sur une terrasse qui domine toute la r\u00e9gion et qui projette la vue jusqu&rsquo;aux Pyr\u00e9n\u00e9es.<\/span><\/span><\/p>\n<p align=\"left\"><span style=\"color: #000080; font-size: 10pt;\"><span style=\"font-family: trebuchet ms,geneva,sans-serif;\">Retour au \u00ab Caf\u00e9-Vals\u00a0\u00bb. L&rsquo;h\u00e9bergement est encore inachev\u00e9, en travaux. Le repas est bon et je le prends avec la famille et des habitants du village. Le soir, quatre d&rsquo;entre eux restent au caf\u00e9 et jouent \u00e0 un jeu de soci\u00e9t\u00e9, juste \u00e0 c\u00f4t\u00e9 de moi&#8230; Ils rient beaucoup. Je les regarde et m&rsquo;initie \u00e0 ce jeu, mais sans oser m&rsquo;y introduire. Lorsque je repars le matin, c&rsquo;est avec un petit pincement au c\u0153ur que je photographie le lever de Soleil au-dessus de la colline qui domine Vals.<\/span><\/span><\/p>\n<p style=\"text-align: center;\" align=\"left\"><span style=\"color: #000080; font-size: 10pt;\"><span style=\"font-family: trebuchet ms,geneva,sans-serif;\">*<\/span><\/span><\/p>\n<p align=\"left\"><span style=\"color: #000080; font-size: 10pt;\"><span style=\"font-family: trebuchet ms,geneva,sans-serif;\">La partie du GR qui m\u00e8ne \u00e0 Pamiers est moins int\u00e9ressante que celle de la veille. De petits incidents l&rsquo;animent, tel ce berger australien qui m&rsquo;accompagne durant deux kilom\u00e8tres jusque dans un petit chemin de terre qui rejoint une petite route. Craignant un chien perdu ou abandonn\u00e9, je finis par m&rsquo;adresser \u00e0 lui avec des ordres bien connus :\u00a0\u00ab assis\u00a0\u00bb. Il s&rsquo;assied. \u00ab pas bouger\u00a0\u00bb. Il ne bouge pas. Je m&rsquo;\u00e9loigne d&rsquo;une cinquantaine de m\u00e8tres. Il fait demi-tour et retourne vers o\u00f9 il est venu. Le chemin continue, s&rsquo;engage sur une ancienne voie ferr\u00e9e, puis fait une petite boucle \u00e0 travers la for\u00eat avant de revenir sur la voie ferr\u00e9e. Je m&rsquo;arr\u00eate pour une petite pause au Carlaret, ensemble de b\u00e2tisses autour d&rsquo;une ferme et d&rsquo;une \u00e9glise. Il n&rsquo;y a personne. Apr\u00e8s une agr\u00e9able promenade sur des sentiers de plaine, l&rsquo;entr\u00e9e \u00e0 Pamiers est assez p\u00e9nible : des kilom\u00e8tres de bitume, des rues qui n&rsquo;en finissent pas, le bruit stressant des voitures, des camions, des motos et m\u00eame d&rsquo;une sir\u00e8ne d&rsquo;ambulance. Le monde urbain est fait pour les voitures, pas pour les pi\u00e9tons. J&rsquo;ai \u00e0 peine le temps et le courage de voir la ville. Heureusement, un neveu m&rsquo;attend et m&#8217;emm\u00e8ne dormir avec sa famille, ma ni\u00e8ce et leurs quatre petits enfants, \u00e0 Loubens, en pleine campagne. Le bonheur d&rsquo;une soir\u00e9e familiale toute ordinaire.<\/span><\/span><\/p>\n<p align=\"left\"><span style=\"color: #000080; font-size: 10pt;\"><span style=\"font-family: trebuchet ms,geneva,sans-serif;\">Ma ni\u00e8ce m&#8217;emm\u00e8ne le lendemain au centre de Loubens pour un nouveau d\u00e9part. Mais je suis \u00e9loign\u00e9 du GR78, celui du Camino Pi\u00e9montais Pyr\u00e9n\u00e9en. Me voil\u00e0 parti, confiant dans les indications de G\u00e9oportail, logiciel que j&rsquo;ai opportun\u00e9ment t\u00e9l\u00e9charg\u00e9 avant de partir, sur une petite route, puis sur un chemin qui finit sur une barri\u00e8re et des prairies. Des gendarmes viennent contr\u00f4ler qui je suis, avant de d\u00e9duire par mon faci\u00e8s que je ne suis ni un SDF, ni un demandeur d&rsquo;asile \u00e9gar\u00e9, ni un contrebandier, encore moins en terroriste en puissance. Quelqu&rsquo;un a d\u00fb leur signaler mon passage, puisque je marche en dehors des chemins balis\u00e9s. Je croise aussi des troupeaux de moutons, des \u00e2nes, des chevaux et m\u00eame un sanglier. Les paysages sont maternels, arrondis, sans ar\u00eates, sans parois, sans angles, ni verticalit\u00e9, ni horizontalit\u00e9. Les Pyr\u00e9n\u00e9es, enneig\u00e9es, apparaissent et disparaissent au gr\u00e9 de l&rsquo;horizon.<\/span><\/span><\/p>\n<p align=\"left\"><span style=\"color: #000080; font-size: 10pt;\"><span style=\"font-family: trebuchet ms,geneva,sans-serif;\"><img loading=\"lazy\" decoding=\"async\" class=\"alignright size-medium wp-image-2006\" src=\"https:\/\/blog.nicolasderauglaudre.net\/wp-content\/uploads\/2017\/05\/2017-04-10-Loubens-Montegut-p-300x192.jpg\" alt=\"\" width=\"300\" height=\"192\" srcset=\"https:\/\/blog.nicolasderauglaudre.net\/wp-content\/uploads\/2017\/05\/2017-04-10-Loubens-Montegut-p-300x192.jpg 300w, https:\/\/blog.nicolasderauglaudre.net\/wp-content\/uploads\/2017\/05\/2017-04-10-Loubens-Montegut-p-768x492.jpg 768w, https:\/\/blog.nicolasderauglaudre.net\/wp-content\/uploads\/2017\/05\/2017-04-10-Loubens-Montegut-p.jpg 1000w\" sizes=\"auto, (max-width: 300px) 100vw, 300px\" \/>J&rsquo;ai bien d\u00fb franchir une dizaine de barri\u00e8res et de cl\u00f4tures, tant\u00f4t au-dessus, tant\u00f4t au-dessous, et je me suis enfonc\u00e9 plusieurs fois dans des culs-de-sac. Les sentiers dans les pr\u00e9s sont difficiles \u00e0 rep\u00e9rer. Il y a un grand Soleil. En traversant un gu\u00e9 boueux, un des embouts de mes b\u00e9quilles s&rsquo;enfonce et dispara\u00eet. Impossible de le retrouver. Je suis contraint de continuer jusqu&rsquo;au g\u00eete de Montegut-Plantaurel, plus loin en temps pr\u00e9visible qu&rsquo;en distance, avec un tac tac sur le sol. On dirait un pirate des romans de Stevenson. La jeune dame qui m&rsquo;accueille dans sa maison est toute seule. Elle pr\u00e9pare un repas \u00e0 r\u00e9chauffer, puis laisse les cl\u00e9s et part\u00a0: si j&rsquo;ai bien compris, elle a des soucis, mais elle ne m&rsquo;explique pas la raison. Ce tout petit village perdu dans les montagnes de l&rsquo;Ari\u00e8ge est certainement attrayant pour les citadins en mal de nature, mais il doit \u00eatre difficile \u00e0 habiter pour les quelques dizaines d&rsquo;occupants qui y demeurent \u00e0 l&rsquo;ann\u00e9e.<\/span><\/span><\/p>\n<p style=\"text-align: center;\" align=\"left\"><span style=\"color: #000080; font-size: 10pt;\"><span style=\"font-family: trebuchet ms,geneva,sans-serif;\">*<\/span><\/span><\/p>\n<p><span style=\"color: #000080; font-size: 10pt;\"><span style=\"font-family: trebuchet ms,geneva,sans-serif;\">Le lendemain matin, je pars en direction du Mas d&rsquo;Azil, prochaine \u00e9tape. Comme toujours, je n&rsquo;ai rien r\u00e9serv\u00e9. Un petit coup de t\u00e9l\u00e9phone vers midi est lanc\u00e9. Une r\u00e9ponse viendra l&rsquo;apr\u00e8s-midi. Un paysan me montre une mauvaise route au d\u00e9part de Montegut-Plantaurel pour rejoindre le GR78. Me voici contraint de d\u00e9gringoler une prairie mouill\u00e9e assez pentue. Puis je suis embarqu\u00e9 sur des routes secondaires pendant plus de quatorze kilom\u00e8tres. La marche est agr\u00e9able car le temps est couvert, avec quelques rares gouttes de pluie. Enfin, le GR78 que j&rsquo;ai pu rejoindre s&rsquo;engage sur un sentier bois\u00e9 qui descend assez raide vers un lac artificiel. Je d\u00e9cide de rejoindre la rive du lac et je le longe jusqu&rsquo;\u00e0 un barrage. Il est encore t\u00f4t dans l&rsquo;apr\u00e8s-midi. Une dame m&rsquo;accueille et me conduit au g\u00eete du pasteur protestant du Mas d&rsquo;Azil. Le temps d&rsquo;une sieste et le pasteur vient me chercher. Ensemble, en compagnie de quelques artisans locaux qui r\u00e9parent son habitation, et de voisins proches membres ou non de sa communaut\u00e9, nous prenons l&rsquo;ap\u00e9ritif. Un lien fort est cr\u00e9\u00e9 et il va se continuer pendant deux jours.<br \/>\n<\/span><\/span><\/p>\n<p style=\"text-align: right;\"><a href=\"https:\/\/blog.nicolasderauglaudre.net\/?p=2035\"><em><span style=\"font-family: arial,helvetica,sans-serif; font-size: 10pt;\">Suite : Mas d&rsquo;Azil<\/span><\/em><\/a><\/p>\n<p>&nbsp;<\/p>\n","protected":false},"excerpt":{"rendered":"<p>Retour page Compostelle Chemin Pi\u00e9montais (1) Chemin Pi\u00e9montais (2) Chemin Pi\u00e9montais (3) Chemin Pi\u00e9montais (4) Chemin Pi\u00e9montais (5) Chemin Pi\u00e9montais (6) Avril 2017, Portet d&rsquo;Aspet C&rsquo;est curieux, j&rsquo;\u00e9prouve moins le d\u00e9sir d&rsquo;\u00e9crire sur l&rsquo;exp\u00e9rience v\u00e9cue sur le Camino, comme lors &hellip; <a href=\"https:\/\/blog.nicolasderauglaudre.net\/?p=1993\">Continuer la lecture <span class=\"meta-nav\">&rarr;<\/span><\/a><\/p>\n","protected":false},"author":1,"featured_media":0,"comment_status":"open","ping_status":"open","sticky":false,"template":"","format":"standard","meta":{"footnotes":""},"categories":[5,6,8],"tags":[],"class_list":["post-1993","post","type-post","status-publish","format-standard","hentry","category-compostelle","category-etats-dame","category-voyages"],"_links":{"self":[{"href":"https:\/\/blog.nicolasderauglaudre.net\/index.php?rest_route=\/wp\/v2\/posts\/1993","targetHints":{"allow":["GET"]}}],"collection":[{"href":"https:\/\/blog.nicolasderauglaudre.net\/index.php?rest_route=\/wp\/v2\/posts"}],"about":[{"href":"https:\/\/blog.nicolasderauglaudre.net\/index.php?rest_route=\/wp\/v2\/types\/post"}],"author":[{"embeddable":true,"href":"https:\/\/blog.nicolasderauglaudre.net\/index.php?rest_route=\/wp\/v2\/users\/1"}],"replies":[{"embeddable":true,"href":"https:\/\/blog.nicolasderauglaudre.net\/index.php?rest_route=%2Fwp%2Fv2%2Fcomments&post=1993"}],"version-history":[{"count":0,"href":"https:\/\/blog.nicolasderauglaudre.net\/index.php?rest_route=\/wp\/v2\/posts\/1993\/revisions"}],"wp:attachment":[{"href":"https:\/\/blog.nicolasderauglaudre.net\/index.php?rest_route=%2Fwp%2Fv2%2Fmedia&parent=1993"}],"wp:term":[{"taxonomy":"category","embeddable":true,"href":"https:\/\/blog.nicolasderauglaudre.net\/index.php?rest_route=%2Fwp%2Fv2%2Fcategories&post=1993"},{"taxonomy":"post_tag","embeddable":true,"href":"https:\/\/blog.nicolasderauglaudre.net\/index.php?rest_route=%2Fwp%2Fv2%2Ftags&post=1993"}],"curies":[{"name":"wp","href":"https:\/\/api.w.org\/{rel}","templated":true}]}}