{"id":1944,"date":"2015-02-02T11:54:28","date_gmt":"2015-02-02T11:54:28","guid":{"rendered":"https:\/\/blog.nicolasderauglaudre.net\/?p=1944"},"modified":"2017-03-02T11:56:45","modified_gmt":"2017-03-02T11:56:45","slug":"martha-argerich","status":"publish","type":"post","link":"https:\/\/blog.nicolasderauglaudre.net\/?p=1944","title":{"rendered":"Martha Argerich"},"content":{"rendered":"<p><span style=\"font-family: trebuchet ms,geneva,sans-serif; font-size: 12pt; color: #003366;\">Quand j\u2019avais vingt et un ans, un jeune professeur de piano du conservatoire de Nantes m\u2019avait pris en amiti\u00e9 et avait propos\u00e9 de me donner des cours gratuitement chez lui, les lundis soir. Il s\u2019appelait Jean-Louis. J\u2019ai appris le piano seul et sa proposition \u00e9tait la bienvenue. Pendant plus d\u2019un an, tous les soirs, je me rendais dans sa maison, centre ville, et nous restions parfois plusieurs heures \u00e0 jouer, d\u00e9chiffrer des partitions et parler de musique. Reconnaissance qui faisait suite \u00e0 une rencontre pr\u00e9c\u00e9dente avec un autre pianiste, \u00e0 Saint-Hilaire-du-Touvet o\u00f9 j\u2019ai pass\u00e9 des semaines de convalescence, apr\u00e8s des ann\u00e9es de maladie. Ce pianiste, atteint de tuberculose, avait \u00e9t\u00e9 \u00e9l\u00e8ve de Samson Fran\u00e7ois et ami personnel de Pierre Barbizet. Grand honneur pour moi ! Pendant des jours, le pianiste des montagnes a essay\u00e9 de corriger mes d\u00e9fauts et mes na\u00efvet\u00e9s.<span id=\"more-1689\"><\/span><\/span><\/p>\n<p><span style=\"font-family: trebuchet ms,geneva,sans-serif; font-size: 12pt; color: #003366;\">Or le jeune pianiste nantais, Jean-Louis, parlait r\u00e9guli\u00e8rement de la \u00ab\u00a0Grande Martha\u00a0\u00bb, faisant allusion \u00e0 Martha Argerich, alors \u00e2g\u00e9e de 35 ans environ. Il en \u00e9tait fou dingue. Je n\u2019ai jamais pris la peine d\u2019acheter des enregistrements de la pianiste argentine dans ces ann\u00e9es-l\u00e0, mais la passion de mon ami de Nantes m\u2019est toujours rest\u00e9e pr\u00e9sente. \u00c0 cette \u00e9poque, je poss\u00e9dais l\u2019int\u00e9grale des oeuvres de Chopin, dans diverses interpr\u00e9tations, depuis la pianiste sud am\u00e9ricaine Guiomar Novaes (qui fut mon premier disque) jusqu\u2019au polonais Tamas Vasary, en passant par Alfred Cortot pour qui j\u2019ai toujours eu une immense admiration. J\u2019avais \u00e9galement achet\u00e9 l\u2019int\u00e9grale des oeuvres de Ravel, dans plusieurs interpr\u00e9tations et avec quelques pr\u00e9f\u00e9rences : celles de Pascal Rog\u00e9 notamment, et celle d\u2019une pianiste de Nice du nom de Monique Haas. J\u2019avais aussi l\u2019int\u00e9grale de Debussy par Walter Gieseking, qu\u2019aujourd\u2019hui je n\u2019aime plus, de nombreuses oeuvres de Rachmaninov, de Scriabine, de Prokoviev (en particulier les concertos par Michel Beroff que je trouve presque in\u00e9galables), d\u2019Albeniz, de Bartok (avec Gesa Anda et avec Zoltan Kocsis) et quelques autres oeuvres pianistiques plus sp\u00e9cifiques des grands classiques allemands, Mozart, Beethoven, Schubert, Schumann, Brahms.<\/span><\/p>\n<p><span style=\"font-family: trebuchet ms,geneva,sans-serif; font-size: 12pt; color: #003366;\">Mais aucun enregistrement de Martha Argerich. J\u2019\u00e9tais plut\u00f4t attir\u00e9 par Maurizio Pollini ou Vladimir Horowitz, puis un peu plus tard par Sviatoslav Richter.<\/span><\/p>\n<p><span style=\"font-family: trebuchet ms,geneva,sans-serif; font-size: 12pt; color: #003366;\">Et puis j\u2019ai fini par d\u00e9couvrir la grande Martha qu\u2019aimait tant mon ami de Nantes. D\u2019\u00e9coutes en enregistrements, d\u2019emprunts dans des m\u00e9diath\u00e8ques et sur internet, ma discographie de Martha Argerich s\u2019est enrichie au point qu\u2019elle repr\u00e9sente la part la plus importante de tous les pianistes que je poss\u00e8de. Ceux qui n\u2019ont jamais entendu parler de la pianiste argentine peuvent aller lire <a style=\"color: #003366;\" href=\"https:\/\/fr.wikipedia.org\/wiki\/Martha_Argerich\" target=\"_blank\">son portrait sur wikip\u00e9dia<\/a>, par exemple, et suivre les pistes propos\u00e9es.<\/span><\/p>\n<p><span style=\"font-family: trebuchet ms,geneva,sans-serif; font-size: 12pt; color: #003366;\">Aujourd\u2019hui, je n\u2019h\u00e9site plus \u00e0 le penser et \u00e0 le dire : Martha Argerich est la plus grande pianiste de notre temps. Et en plus d\u2019\u00eatre une pianiste hors du commun, elle fut extraordinairement belle dans sa jeunesse : moins au sens plastique du terme que du point de vue de la sensualit\u00e9 et de la f\u00e9minit\u00e9.<a style=\"color: #003366;\" href=\"https:\/\/blog.nicolasderauglaudre.net\/wp-content\/uploads\/2015\/02\/martha-argerich-jeune.jpg\"><img loading=\"lazy\" decoding=\"async\" class=\"alignright wp-image-1692 size-thumbnail\" src=\"https:\/\/blog.nicolasderauglaudre.net\/wp-content\/uploads\/2015\/02\/martha-argerich-jeune-150x150.jpg\" alt=\"martha-argerich (jeune)\" width=\"150\" height=\"150\" \/><\/a> Difficile de r\u00e9sister. Si, si, j\u2019ai le droit de le dire et de le penser. Un pianiste n\u2019est pas seulement quelqu\u2019un \u00e0 \u00e9couter, c\u2019est aussi quelqu\u2019un \u00e0 voir\u2026 et quand Martha Argerich joue, c\u2019est tout le corps et tous les sens qui jouent. On l\u2019a lu et entendu, la belle pianiste argentine a quelque chose d\u2019un fauve, d\u2019un animal\u2026 propos que je trouve \u00e0 la limite de la misogynie. Pour ma part, je trouve qu\u2019elle symbolise aussi l\u2019esprit pianistique comme je l\u2019imagine : une capacit\u00e9 des mains, des bras et de tout le corps \u00e0 inscrire l\u2019essence musicale dans l\u2019\u00eatre. M\u00eame aujourd\u2019hui, je la trouve encore s\u00e9duisante\u2026<\/span><\/p>\n<p><span style=\"font-family: trebuchet ms,geneva,sans-serif; font-size: 12pt; color: #003366;\">Il y a quelques jours, j\u2019entendais, lors d\u2019une \u00e9mission\u00a0 sur France Musique, un animateur dire qu\u2019elle est la plus grande pianiste d\u2019aujourd\u2019hui. Un autre animateur a r\u00e9pondu qu\u2019il ne prenait pas beaucoup de risque en affirmant cela. Pour ma part, aujourd\u2019hui je la consid\u00e8re non seulement comme \u00ab\u00a0la\u00a0\u00bb plus grande pianiste, mais comme plus grande encore que les pianistes homme. Je ne vois aucun \u00e9quivalent. Pollini que j\u2019aime beaucoup me para\u00eet plus froid, trop pianiste pour \u00eatre compl\u00e8tement musique. J\u2019ai aim\u00e9 Horowitz par exemple, mais Horowitz \u00e9tait parfois \u00ab\u00a0trop\u00a0\u00bb Horowitz. M\u00eame chose chez Glenn Gould que je finis par trouver insupportable. Parmi les pianistes vivants, j\u2019ai du mal \u00e0 en trouver un qui \u00e9merge. Martha Argerich, elle, est Martha Argerich, sa griffe est reconnaissable entre mille, mais elle n\u2019est pas plus, pas moins que Martha Argerich\u2026 Elle est totalement elle-m\u00eame.<\/span><\/p>\n<p><span style=\"font-family: trebuchet ms,geneva,sans-serif; font-size: 12pt; color: #003366;\">Quand Martha Argerich joue, elle est capable de passer de la virtuosit\u00e9 la plus diabolique \u00e0 la sensibilit\u00e9 musicale la plus subtile en quelques secondes, tout en gardant une unit\u00e9 dramatique qui recouvre l\u2019ensemble. C\u2019est hallucinant ! C\u2019est exactement comme cela, dans ma petite philosophie de papillon, que je comprends la vie et la libert\u00e9 de l\u2019esprit. Passer d\u2019un extr\u00eame \u00e0 l\u2019autre tout en \u00e9tant totalement ma\u00eetre de soi et de son \u00e9clat\u2026 de telle sorte que personne ne s\u2019en aper\u00e7oive. Tout est ma\u00eetris\u00e9 et cependant, en l\u2019\u00e9coutant, tout est passion, tout est vie !<\/span><\/p>\n<p><span style=\"font-family: trebuchet ms,geneva,sans-serif; font-size: 12pt; color: #003366;\">Je peux donner quelques exemples : il y a quelques jours, en voiture, j\u2019allume France Musique et je capte le second mouvement, l\u2019adagio du Concerto en sol de Ravel en cours de route. \u00ab\u00a0Putain\u00a0\u00bb, je me dis, \u00ab\u00a0qui est-ce qui joue aussi bien ? \u00ab\u00a0. C\u2019\u00e9tait \u00e9tonnant, je ne l\u2019avais jamais entendu si bien interpr\u00e9t\u00e9. L\u2019adagio du Concerto de Ravel est tr\u00e8s simple, techniquement parlant, \u00e0 jouer : m\u00eame moi, je le connais par coeur. A priori, on peut penser qu\u2019un virtuose le traverse comme on franchit une prairie de fleurs au printemps, avec une certaine condescendance amus\u00e9e et d\u00e9sinvolte. Eh non ! Qui pouvait bien \u00eatre ce pianiste aussi exceptionnel, capable de jouer cet adagio comme si je ne l\u2019avais jamais entendu auparavant, capable de le traduire avec une telle intelligence et une telle finesse, sans aucun m\u00e9pris ? La sentence tombe : Martha Argerich ! Aucune pr\u00e9cipitation, aucun effet au-del\u00e0 de cette musique pure, et pourtant interpr\u00e9tation compl\u00e8tement personnelle, communicative, sans froideur. J\u2019aurais dit flamboyante, mais de la flambeur d\u2019un palais ou d\u2019un jardin enchant\u00e9. Elle m\u2019a tellement subjugu\u00e9, que les jours suivants, je n\u2019ai pas arr\u00eat\u00e9 de rejouer l\u2019adagio sans parvenir \u00e0 reproduire l\u2019infime musicalit\u00e9 de ce que j\u2019avais entendu.<\/span><\/p>\n<p><span style=\"font-family: trebuchet ms,geneva,sans-serif; font-size: 12pt; color: #003366;\"><a style=\"color: #003366;\" href=\"https:\/\/blog.nicolasderauglaudre.net\/wp-content\/uploads\/2015\/02\/martha-argerich-piano.jpg\"><img loading=\"lazy\" decoding=\"async\" class=\"alignleft size-medium wp-image-1694\" src=\"https:\/\/blog.nicolasderauglaudre.net\/wp-content\/uploads\/2015\/02\/martha-argerich-piano-300x225.jpg\" sizes=\"auto, (max-width: 300px) 100vw, 300px\" srcset=\"https:\/\/blog.nicolasderauglaudre.net\/wp-content\/uploads\/2015\/02\/martha-argerich-piano-300x225.jpg 300w, https:\/\/blog.nicolasderauglaudre.net\/wp-content\/uploads\/2015\/02\/martha-argerich-piano.jpg 480w\" alt=\"martha-argerich (piano)\" width=\"300\" height=\"225\" \/><\/a>Il y a quelque temps, j\u2019entends une interview de la Grande Martha, compl\u00e8tement insens\u00e9e pour un pianiste m\u00e9diocre comme je le suis : elle expliquait travailler des heures et des jours, avant un concert, le concerto en La de Schumann qui, techniquement, n\u2019est pas tellement difficile -du moins en apparence- ; et \u00e0 c\u00f4t\u00e9 de cela, elle estimait que Prokoviev semble avoir \u00e9crit ses concertos pour elle, et qu\u2019elle baigne dedans avec une immense facilit\u00e9 : pour ceux qui ne le savent pas, les concertos de Prokoviev sont extr\u00eamement difficiles \u00e0 jouer, pour ne pas dire injouables ! Les oeuvres de Prokoviev servent souvent dans les concours de piano aux jeunes pianistes pour en foutre plein la vue au jury (qui ne s\u2019y laisse pas prendre). Et bien, Martha Argerich, elle, les trouve simples\u2026 tandis qu\u2019elle estime que le Concerto de Schumann m\u00e9rite un travail dense et sans concession. Et elle racontait cela avec franchise, sans frimer.<\/span><\/p>\n<p><span style=\"font-family: trebuchet ms,geneva,sans-serif; font-size: 12pt; color: #003366;\">Il y a quelques jours, une amie pianiste et moi-m\u00eame, nous \u00e9coutions et regardions sur YouTube le Premier Concerto pour piano de Tchaikovsky, jou\u00e9 par Martha Argerich jeune, avec l\u2019orchestre de la Suisse Romande dirig\u00e9 par Charles Dutoit (qui fut son \u00e9poux pendant 5 ans <small>\u2013 quelle chance !<\/small>). Le mari de mon amie, pas tr\u00e8s musicien, nous a\u00a0 rejoint et il s\u2019est assis avec nous, compl\u00e8tement fascin\u00e9 ! Mon amie m\u2019a alors expliqu\u00e9 que Martha Argerich n\u2019avait pas besoin de travailler des heures, comme le font tant de pianistes besogneux et finalement excellents. Diff\u00e9rence entre l\u2019excellence et le g\u00e9nie. Elle aurait la musique et le piano dans sa nature m\u00eame ! Je n\u2019ai pas v\u00e9rifi\u00e9. C\u2019est vraisemblable, vu le c\u00f4t\u00e9 fantasque du personnage qu\u2019on pourrait croire ne jamais se prendre au s\u00e9rieux et qui, autrefois, organisait sa carri\u00e8re avec la d\u00e9contraction qu\u2019induit le d\u00e9tachement par rapport \u00e0 son image -et surtout par rapport aux codes des milieux de musique classique- : concerts annul\u00e9s, changements de programme au dernier moment, etc.<\/span><\/p>\n<p><span style=\"font-family: trebuchet ms,geneva,sans-serif; font-size: 12pt; color: #003366;\">Martha Argerich n\u2019est pas \u00ab\u00a0une grande dame du piano\u00a0\u00bb, comme on dit parfois des femmes pianistes qui traversent plusieurs g\u00e9n\u00e9rations. Pas \u00e0 mes yeux, en tout cas. Elle n\u2019est ni Marguerite Long (dont j\u2019ai lu un ouvrage passionnant sur Ravel), ni Brigitte Engerer, d\u00e9c\u00e9d\u00e9e l\u2019an pass\u00e9, ni Clara Haskil et bien d\u2019autres. Je n\u2019aime pas cette expression : elle fait acad\u00e9mique, p\u00e9dagogue, maternelle\u2026 Elle n\u2019est pas r\u00e9ductible \u00e0 une institution ou \u00e0 une qualit\u00e9.<\/span><\/p>\n<div id=\"attachment_1693\" class=\"wp-caption alignleft\"><span style=\"font-family: trebuchet ms,geneva,sans-serif; font-size: 12pt; color: #003366;\"><a style=\"color: #003366;\" href=\"https:\/\/blog.nicolasderauglaudre.net\/wp-content\/uploads\/2015\/02\/Martha_Argerich-%C3%A2g%C3%A9e.jpg\"><img loading=\"lazy\" decoding=\"async\" class=\"wp-image-1693\" src=\"https:\/\/blog.nicolasderauglaudre.net\/wp-content\/uploads\/2015\/02\/Martha_Argerich-%C3%A2g%C3%A9e-300x240.jpg\" sizes=\"auto, (max-width: 250px) 100vw, 250px\" srcset=\"https:\/\/blog.nicolasderauglaudre.net\/wp-content\/uploads\/2015\/02\/Martha_Argerich-\u00e2g\u00e9e-300x240.jpg 300w, https:\/\/blog.nicolasderauglaudre.net\/wp-content\/uploads\/2015\/02\/Martha_Argerich-\u00e2g\u00e9e.jpg 600w\" alt=\"Si elle a quand m\u00eame un petit c\u00f4t\u00e9 &quot;lionne&quot;, m\u00eame \u00e2g\u00e9e.\" width=\"250\" height=\"200\" \/><\/a><\/span><\/p>\n<p class=\"wp-caption-text\"><span style=\"font-family: trebuchet ms,geneva,sans-serif; font-size: 8pt; color: #003366;\">Si ! M\u00eame \u00e2g\u00e9e, elle a un petit c\u00f4t\u00e9 \u00ab\u00a0lionne\u00a0\u00bb.<\/span><\/p>\n<\/div>\n<p><span style=\"font-family: trebuchet ms,geneva,sans-serif; font-size: 12pt; color: #003366;\">\u00c0 plus de 70 ans, Martha Argerich a gard\u00e9 une fougue et une vitalit\u00e9 qui font sortir la musique du plus profond des entrailles. Quand elle joue un concerto par exemple, elle n\u2019accompagne pas l\u2019orchestre, elle le tire et le pousse, elle le bouscule, au point que je comprends que des chefs d\u2019orchestre aient, para\u00eet-il, du mal \u00e0 la suivre et \u00e0 la tenir. On ne peut la domestiquer.<\/span><\/p>\n<p><span style=\"font-family: trebuchet ms,geneva,sans-serif; font-size: 12pt; color: #003366;\">Je m\u2019\u00e9merveille que l\u2019humanit\u00e9 soit capable de produire des artistes de ce calibre de temps en temps\u2026 pas trop pour qu\u2019on ne se lasse jamais de les attendre. Aujourd\u2019hui, je n\u2019ai aucun doute : la Grande Martha de mon ami de Nantes est une figure et une lumi\u00e8re qui d\u00e9montrent qu\u2019on n\u2019a pas de raison de d\u00e9sesp\u00e9rer du genre humain.<\/span><\/p>\n<p><span style=\"font-family: trebuchet ms,geneva,sans-serif; font-size: 12pt; color: #003366;\"><em>Bon, si certains d\u00e9sirent contempler Martha Argerich dans son g\u00e9nie, ils peuvent se rendre sur YouTube, par exemple pour le <a style=\"color: #003366;\" href=\"https:\/\/www.youtube.com\/watch?v=FgnE25-kvyk\" target=\"_blank\">Troisi\u00e8me Concerto de Prokoviev<\/a> qu\u2019elle joue avec Le London Philharmonic Orchestra, dirig\u00e9 par Andr\u00e9 Pr\u00e9vin, ou Le <a style=\"color: #003366;\" href=\"https:\/\/www.youtube.com\/watch?v=woaoUcDpJsQ\" target=\"_blank\">Concerto en Sol de Ravel<\/a> avec Claudio Abbado (en 1969) : ce n\u2019est sans doute pas l\u2019interpr\u00e9tation que j\u2019ai entendue sur France Musique, mais elle ressemble beaucoup. Il est passionnant aussi de la voir et de l\u2019\u00e9couter dans le <a style=\"color: #003366;\" href=\"https:\/\/www.youtube.com\/watch?v=zsnPzcc1Zb0\">concerto de Schumann<\/a>, r\u00e9cemment. De nombreuses autres vid\u00e9os sont pr\u00e9sentes sur le net. Profitez-en.<\/em><\/span><\/p>\n","protected":false},"excerpt":{"rendered":"<p>Quand j\u2019avais vingt et un ans, un jeune professeur de piano du conservatoire de Nantes m\u2019avait pris en amiti\u00e9 et avait propos\u00e9 de me donner des cours gratuitement chez lui, les lundis soir. Il s\u2019appelait Jean-Louis. J\u2019ai appris le piano &hellip; <a href=\"https:\/\/blog.nicolasderauglaudre.net\/?p=1944\">Continuer la lecture <span class=\"meta-nav\">&rarr;<\/span><\/a><\/p>\n","protected":false},"author":1,"featured_media":0,"comment_status":"open","ping_status":"open","sticky":false,"template":"","format":"standard","meta":{"footnotes":""},"categories":[1],"tags":[],"class_list":["post-1944","post","type-post","status-publish","format-standard","hentry","category-musique"],"_links":{"self":[{"href":"https:\/\/blog.nicolasderauglaudre.net\/index.php?rest_route=\/wp\/v2\/posts\/1944","targetHints":{"allow":["GET"]}}],"collection":[{"href":"https:\/\/blog.nicolasderauglaudre.net\/index.php?rest_route=\/wp\/v2\/posts"}],"about":[{"href":"https:\/\/blog.nicolasderauglaudre.net\/index.php?rest_route=\/wp\/v2\/types\/post"}],"author":[{"embeddable":true,"href":"https:\/\/blog.nicolasderauglaudre.net\/index.php?rest_route=\/wp\/v2\/users\/1"}],"replies":[{"embeddable":true,"href":"https:\/\/blog.nicolasderauglaudre.net\/index.php?rest_route=%2Fwp%2Fv2%2Fcomments&post=1944"}],"version-history":[{"count":0,"href":"https:\/\/blog.nicolasderauglaudre.net\/index.php?rest_route=\/wp\/v2\/posts\/1944\/revisions"}],"wp:attachment":[{"href":"https:\/\/blog.nicolasderauglaudre.net\/index.php?rest_route=%2Fwp%2Fv2%2Fmedia&parent=1944"}],"wp:term":[{"taxonomy":"category","embeddable":true,"href":"https:\/\/blog.nicolasderauglaudre.net\/index.php?rest_route=%2Fwp%2Fv2%2Fcategories&post=1944"},{"taxonomy":"post_tag","embeddable":true,"href":"https:\/\/blog.nicolasderauglaudre.net\/index.php?rest_route=%2Fwp%2Fv2%2Ftags&post=1944"}],"curies":[{"name":"wp","href":"https:\/\/api.w.org\/{rel}","templated":true}]}}