{"id":1516651,"date":"2022-05-11T06:25:40","date_gmt":"2022-05-11T06:25:40","guid":{"rendered":"https:\/\/blog.nicolasderauglaudre.net\/?p=1516651"},"modified":"2023-09-15T16:24:28","modified_gmt":"2023-09-15T16:24:28","slug":"pierre-teilhard-de-chardin-alexandra-david-neel-et-les-autres","status":"publish","type":"post","link":"https:\/\/blog.nicolasderauglaudre.net\/?p=1516651","title":{"rendered":"Pierre Teilhard de Chardin, Alexandra David-N\u00e9el et les autres&#8230;"},"content":{"rendered":"\n<p><span style=\"font-family: trebuchet ms, geneva, sans-serif; font-size: 10pt;\">IMPRESSIONN\u00c9E et \u00c9MERVEILL\u00c9E, mon \u00e9pouse vient de terminer la lecture de la belle biographie de Pierre Teilhard de Chardin par \u00c9dith de la H\u00e9ronni\u00e8re. Ce matin, nous parlions des derni\u00e8res ann\u00e9es douloureuses de sa vie o\u00f9, interdites par l\u2019\u00c9glise Catholique, ses \u0153uvres \u00e9taient copi\u00e9es en cachette et trahies, voire vilipend\u00e9es, par ses opposants. Les caricatures continuent d\u2019ailleurs aujourd\u2019hui \u00e0 circuler.<\/span><\/p>\n\n\n<div class=\"wp-block-image\">\n<figure class=\"alignleft\"><img loading=\"lazy\" decoding=\"async\" width=\"300\" height=\"216\" src=\"https:\/\/blog.nicolasderauglaudre.net\/wp-content\/uploads\/2022\/05\/Alexandra_David-Neel-300x216.jpg\" alt=\"\" class=\"wp-image-1516673\" srcset=\"https:\/\/blog.nicolasderauglaudre.net\/wp-content\/uploads\/2022\/05\/Alexandra_David-Neel-300x216.jpg 300w, https:\/\/blog.nicolasderauglaudre.net\/wp-content\/uploads\/2022\/05\/Alexandra_David-Neel-768x554.jpg 768w, https:\/\/blog.nicolasderauglaudre.net\/wp-content\/uploads\/2022\/05\/Alexandra_David-Neel.jpg 807w\" sizes=\"auto, (max-width: 300px) 100vw, 300px\" \/><\/figure>\n<\/div>\n\n\n<p><span style=\"font-family: trebuchet ms, geneva, sans-serif; font-size: 10pt;\">ANECDOTE&nbsp;: il y a quelque temps, mon \u00e9pouse et moi sommes all\u00e9s voir la Maison-Mus\u00e9e d\u2019Alexandra David-N\u00e9el \u00e0 Digne. Et IMMENSE SURPRISE, sur le bureau de la grande aventuri\u00e8re, \u00e9tait coll\u00e9 sous une plaque de verre un grand portrait de Teilhard de Chardin&nbsp;! \u00c0 titre d\u2019information, mon \u00e9pouse vient aussi de terminer r\u00e9cemment l\u2019int\u00e9grale des \u0153uvres d\u2019Alexandra David-N\u00e9el. Lien bien r\u00e9confortant. Deux ponts entre l\u2019Occident dogmatique et rationaliste, et l\u2019Orient imp\u00e9n\u00e9trable et myst\u00e9rieux.<\/span><\/p>\n\n\n\n<p><span style=\"font-family: trebuchet ms, geneva, sans-serif; font-size: 10pt;\">&#8211; Il ne fait aucun doute que la pens\u00e9e de Teilhard, \u00e0 l\u2019\u00e9chelle du Cosmos et des Temps G\u00e9ologiques, est peu perturb\u00e9e par les turbulences actuelles de la Plan\u00e8te&nbsp;: d\u00e9r\u00e8glement climatique, \u00e9puisement des ressources, pand\u00e9mies, flux migratoires, Guerres, mont\u00e9e des dictatures, mensonges et complotismes, etc. Il voit le monde de bien plus haut. Souvent je pense \u00e0 ce qu\u2019il a appel\u00e9 dans \u00ab&nbsp;Le Ph\u00e9nom\u00e8ne Humain&nbsp;\u00bb, la Grande Gr\u00e8ve de l\u2019Humanit\u00e9&nbsp;: sorte de d\u00e9couragement g\u00e9n\u00e9ralis\u00e9, sorte de pr\u00e9lude \u00e0 une mutation mondiale des consciences\u2026 non sans r\u00e9f\u00e9rence \u00e0 la libert\u00e9 humaine.<\/span><\/p>\n\n\n\n<p class=\"has-text-align-center\"><span style=\"font-family: trebuchet ms, geneva, sans-serif; font-size: 10pt;\">*<\/span><\/p>\n\n\n<div class=\"wp-block-image\">\n<figure class=\"alignright\"><img loading=\"lazy\" decoding=\"async\" width=\"180\" height=\"238\" src=\"https:\/\/blog.nicolasderauglaudre.net\/wp-content\/uploads\/2022\/05\/teilhard.jpg\" alt=\"\" class=\"wp-image-1516674\"\/><\/figure>\n<\/div>\n\n\n<p><span style=\"font-family: trebuchet ms, geneva, sans-serif; font-size: 10pt;\">Parfois on a reproch\u00e9 \u00e0 Teilhard l\u2019apparente moindre importance qu\u2019il accorde \u00e0 la libert\u00e9 et au probl\u00e8me du mal. C\u2019est oublier toute la part qu\u2019il leur consacre dans ses Lettres et dans le \u00ab&nbsp;Milieu Divin&nbsp;\u00bb que j\u2019ai longtemps gard\u00e9 dans ma poche (avant l\u2019av\u00e8nement des smartphones). Peut-\u00eatre pour faire taire les critiques, faudrait-il r\u00e9\u00e9quilibrer l\u2019optimisme apparent de Teilhard par les r\u00e9flexions d\u2019Hans Jonas ou d\u2019Hannah Arendt&nbsp;? Cela a en effet \u00e9t\u00e9 mon choix. Mais au lieu d\u2019amoindrir la pens\u00e9e du j\u00e9suite, elles l\u2019ont plut\u00f4t mise en relief.<\/span><\/p>\n\n\n\n<p><span style=\"font-family: trebuchet ms, geneva, sans-serif; font-size: 10pt;\">Teilhard m\u2019a appris \u00e0 voir les choses, les \u00eatres, l\u2019existence m\u00eame avec des yeux \u00e9merveill\u00e9s (devant l\u2019ahurissante complexit\u00e9, richesse et cr\u00e9ativit\u00e9 du r\u00e9el) et avec le courage d\u2019affronter les interrogations les plus perturbantes, sans r\u00e9ponse facile, avec g\u00e9n\u00e9rosit\u00e9 et lucidit\u00e9. Sous l\u2019angle christique, bien s\u00fbr, de la Vie et de la Mort. Je n\u2019oublie pas non plus l\u2019ouverture, d\u2019une part vers d\u2019autres pens\u00e9es, d\u2019autre part vers le sens et la valeur des activit\u00e9s du monde (histoire, sciences, industries et passions humaines, art et religion), enfin vers le renoncement \u00e0 soi-m\u00eame, \u00e0 ses idoles et s\u00e9curit\u00e9s.<\/span><\/p>\n\n\n\n<p><span style=\"font-family: trebuchet ms, geneva, sans-serif; font-size: 10pt;\">Teilhard est mon compagnon, parfois orageux, presque toujours passionn\u00e9 et solide, de toutes mes marches sur les chemins. Contrairement \u00e0 ce qu\u2019on pourrait imaginer, il m\u2019a ouvert au r\u00e9alisme existentiel des textes bibliques, notamment des psaumes. Parfois on pourrait s\u2019attrister du fait que l\u2019interdit qu\u2019a exig\u00e9 le Vatican ne lui a pas permis de d\u00e9battre officiellement du contenu de ses intuitions. Mais est-ce si n\u00e9gatif&nbsp;? Peut-\u00eatre de tels d\u00e9bats les auraient-elles affadi&nbsp;? Je ne sais pas. Et puis il y a eu le snobisme des \u00ab&nbsp;teilhardistes&nbsp;\u00bb des ann\u00e9es 60, moqu\u00e9 avec beaucoup d\u2019humour par Jean Rostand. Ce temps est r\u00e9volu. \u00c0 titre personnel, la pens\u00e9e de Teilhard est une sorte \u00e0 la fois de socle et de cl\u00e9 de vo\u00fbte de tout ce que j\u2019ai pu lire et travailler ensuite. Et quand le d\u00e9sespoir ou la d\u00e9solation me saisissent, quelques pages me suffisent pour retrouver de l\u2019esp\u00e9rance, du r\u00e9alisme et plus de v\u00e9rit\u00e9. De plus, je vais me lancer dans la lecture des \u00e9crits d\u2019Alexandra David-N\u00e9el.<\/span><\/p>\n\n\n\n<p><span style=\"font-family: trebuchet ms, geneva, sans-serif; font-size: 10pt;\">RAPPEL&nbsp;: Si les \u0153uvres de Teilhard ont \u00e9t\u00e9 interdites de son vivant, elles n\u2019ont jamais \u00e9t\u00e9 officiellement condamn\u00e9es.<\/span><\/p>\n\n\n\n<p><span style=\"font-family: trebuchet ms, geneva, sans-serif; font-size: 10pt;\"><a href=\"http:\/\/teilhard.nicolasderauglaudre.net\/teilhard.html\">LIEN VERS LE SITE QUE J&rsquo;AI CONSACR\u00c9 \u00c0 TEILHARD<\/a><br><\/span><\/p>\n","protected":false},"excerpt":{"rendered":"<p>IMPRESSIONN\u00c9E et \u00c9MERVEILL\u00c9E, mon \u00e9pouse vient de terminer la lecture de la belle biographie de Pierre Teilhard de Chardin par \u00c9dith de la H\u00e9ronni\u00e8re. Ce matin, nous parlions des derni\u00e8res ann\u00e9es douloureuses de sa vie o\u00f9, interdites par l\u2019\u00c9glise Catholique, &hellip; <a href=\"https:\/\/blog.nicolasderauglaudre.net\/?p=1516651\">Continuer la lecture <span class=\"meta-nav\">&rarr;<\/span><\/a><\/p>\n","protected":false},"author":1,"featured_media":0,"comment_status":"open","ping_status":"open","sticky":false,"template":"","format":"standard","meta":{"footnotes":""},"categories":[3],"tags":[],"class_list":["post-1516651","post","type-post","status-publish","format-standard","hentry","category-philosophie"],"_links":{"self":[{"href":"https:\/\/blog.nicolasderauglaudre.net\/index.php?rest_route=\/wp\/v2\/posts\/1516651","targetHints":{"allow":["GET"]}}],"collection":[{"href":"https:\/\/blog.nicolasderauglaudre.net\/index.php?rest_route=\/wp\/v2\/posts"}],"about":[{"href":"https:\/\/blog.nicolasderauglaudre.net\/index.php?rest_route=\/wp\/v2\/types\/post"}],"author":[{"embeddable":true,"href":"https:\/\/blog.nicolasderauglaudre.net\/index.php?rest_route=\/wp\/v2\/users\/1"}],"replies":[{"embeddable":true,"href":"https:\/\/blog.nicolasderauglaudre.net\/index.php?rest_route=%2Fwp%2Fv2%2Fcomments&post=1516651"}],"version-history":[{"count":0,"href":"https:\/\/blog.nicolasderauglaudre.net\/index.php?rest_route=\/wp\/v2\/posts\/1516651\/revisions"}],"wp:attachment":[{"href":"https:\/\/blog.nicolasderauglaudre.net\/index.php?rest_route=%2Fwp%2Fv2%2Fmedia&parent=1516651"}],"wp:term":[{"taxonomy":"category","embeddable":true,"href":"https:\/\/blog.nicolasderauglaudre.net\/index.php?rest_route=%2Fwp%2Fv2%2Fcategories&post=1516651"},{"taxonomy":"post_tag","embeddable":true,"href":"https:\/\/blog.nicolasderauglaudre.net\/index.php?rest_route=%2Fwp%2Fv2%2Ftags&post=1516651"}],"curies":[{"name":"wp","href":"https:\/\/api.w.org\/{rel}","templated":true}]}}